 {"id":7553,"date":"2026-04-21T23:55:09","date_gmt":"2026-04-21T22:55:09","guid":{"rendered":"https:\/\/www.uniaozoofila.org\/?p=7553"},"modified":"2026-04-21T23:55:12","modified_gmt":"2026-04-21T22:55:12","slug":"convocatoria-para-a-assembleia-geral-extraordinaria-29-de-abril","status":"publish","type":"post","link":"https:\/\/www.uniaozoofila.org\/en\/convocatoria-para-a-assembleia-geral-extraordinaria-29-de-abril\/","title":{"rendered":"Convocat\u00f3ria para a Assembleia Geral Extraordin\u00e1ria &#8211; 29 de abril"},"content":{"rendered":"<p>Cara(o) associada(o),<\/p>\n\n\n\n<p>Nos termos previstos nos artigos 46.\u00ba e 50.\u00ba, n.\u00ba 1 dos Estatutos, partilhamos a convocat\u00f3ria para a Assembleia Geral Extraordin\u00e1ria a realizar no dia 29 de abril de 2026, quarta-feira, pelas 19h (dezanove horas), no Hotel Olissippo Marqu\u00eas de S\u00e1, sito na Av. Miguel Bombarda n\u00ba 130, 1050-167 Lisboa, a fim de deliberar sobre a seguinte ordem de trabalhos:<br>1 &#8211; Aprecia\u00e7\u00e3o e vota\u00e7\u00e3o do Relat\u00f3rio de Atividades e dos documentos de presta\u00e7\u00e3o de contas provis\u00f3rios relativos ao ano de 2025;<br>2 &#8211; Aprecia\u00e7\u00e3o e vota\u00e7\u00e3o do Plano de Atividades para 2026;<br>3 &#8211; Aprecia\u00e7\u00e3o e vota\u00e7\u00e3o do Or\u00e7amento para 2026;<br>4 &#8211; Assuntos de interesse geral.<\/p>\n\n\n\n<p>D\u00e1-se nota que a natureza provis\u00f3ria das contas de 2025 decorre do facto de a empresa de contabilidade respons\u00e1vel at\u00e9 ao final do exerc\u00edcio de 2024 ter comunicado \u00e0 Dire\u00e7\u00e3o que os elementos contabil\u00edsticos por si produzidos na elabora\u00e7\u00e3o das contas desse exerc\u00edcio n\u00e3o refletiam adequadamente a situa\u00e7\u00e3o financeira da Associa\u00e7\u00e3o, encontrando-se ainda por disponibilizar os elementos retificados, o que condiciona a elabora\u00e7\u00e3o, a consist\u00eancia e a exatid\u00e3o das contas de 2025.<\/p>\n\n\n\n<p>Lembramos que ser\u00e1 necess\u00e1rio ter as quotas em dia e cumprir os demais requisitos estatut\u00e1rios para poder votar na Assembleia Geral.<\/p>\n\n\n\n<p>Os documentos de suporte poder\u00e3o ser consultados por parte das(os) associadas(os), na sede da UZ, a partir da data da convocat\u00f3ria.<\/p>\n\n\n\n<div class=\"wp-block-file\"><a id=\"wp-block-file--media-7e1bf45d-0212-43e3-9190-4ab86a1b92e8\" href=\"https:\/\/www.uniaozoofila.org\/wp-content\/uploads\/2026\/04\/Convocatoria-AG-extraordinaria-aprovacao-contas-provisorias-2025_21.4.2026.pdf\">Convocat\u00f3ria para a Assembleia Geral Extraordin\u00e1ria 2026<\/a><\/div>\n\n\n\n<p><\/p>","protected":false},"excerpt":{"rendered":"<p>Cara(o) associada(o), Nos termos previstos nos artigos 46.\u00ba e 50.\u00ba, n.\u00ba 1 dos Estatutos, partilhamos a convocat\u00f3ria para a Assembleia Geral Extraordin\u00e1ria a realizar no dia 29 de abril de [&hellip;]<\/p>\n","protected":false},"author":13,"featured_media":0,"comment_status":"closed","ping_status":"closed","sticky":false,"template":"","format":"standard","meta":{"_price":"","_stock":"","_tribe_ticket_header":"","_tribe_default_ticket_provider":"","_tribe_ticket_capacity":"0","_ticket_start_date":"","_ticket_end_date":"","_tribe_ticket_show_description":"","_tribe_ticket_show_not_going":false,"_tribe_ticket_use_global_stock":"","_tribe_ticket_global_stock_level":"","_global_stock_mode":"","_global_stock_cap":"","_tribe_rsvp_for_event":"","_tribe_ticket_going_count":"","_tribe_ticket_not_going_count":"","_tribe_tickets_list":"[]","_tribe_ticket_has_attendee_info_fields":false,"footnotes":""},"categories":[1],"tags":[],"class_list":["post-7553","post","type-post","status-publish","format-standard","hentry","category-uncategorized"],"yoast_head":"<!-- This site is optimized with the Yoast SEO plugin v27.5 - https:\/\/yoast.com\/product\/yoast-seo-wordpress\/ -->\n<title>Convocat\u00f3ria para a Assembleia Geral Extraordin\u00e1ria - 29 de abril - Uni\u00e3o Zo\u00f3fila<\/title>\n<meta name=\"robots\" content=\"index, follow, max-snippet:-1, max-image-preview:large, max-video-preview:-1\" \/>\n<link rel=\"canonical\" href=\"https:\/\/www.uniaozoofila.org\/en\/convocatoria-para-a-assembleia-geral-extraordinaria-29-de-abril\/\" \/>\n<meta property=\"og:locale\" content=\"en_GB\" \/>\n<meta property=\"og:type\" content=\"article\" \/>\n<meta property=\"og:title\" content=\"Convocat\u00f3ria para a Assembleia Geral Extraordin\u00e1ria - 29 de abril - Uni\u00e3o Zo\u00f3fila\" \/>\n<meta property=\"og:description\" content=\"Cara(o) associada(o), Nos termos previstos nos artigos 46.\u00ba e 50.\u00ba, n.\u00ba 1 dos Estatutos, partilhamos a convocat\u00f3ria para a Assembleia Geral Extraordin\u00e1ria a realizar no dia 29 de abril de [&hellip;]\" \/>\n<meta property=\"og:url\" content=\"https:\/\/www.uniaozoofila.org\/en\/convocatoria-para-a-assembleia-geral-extraordinaria-29-de-abril\/\" \/>\n<meta property=\"og:site_name\" content=\"Uni\u00e3o Zo\u00f3fila\" \/>\n<meta property=\"article:published_time\" content=\"2026-04-21T22:55:09+00:00\" \/>\n<meta property=\"article:modified_time\" content=\"2026-04-21T22:55:12+00:00\" \/>\n<meta name=\"author\" content=\"Uni\u00e3o Zoofila\" \/>\n<meta name=\"twitter:card\" content=\"summary_large_image\" \/>\n<meta name=\"twitter:label1\" content=\"Written by\" \/>\n\t<meta name=\"twitter:data1\" content=\"Uni\u00e3o Zoofila\" \/>\n\t<meta name=\"twitter:label2\" content=\"Estimated reading time\" \/>\n\t<meta name=\"twitter:data2\" content=\"2 minutes\" \/>\n<script type=\"application\/ld+json\" class=\"yoast-schema-graph\">{\"@context\":\"https:\\\/\\\/schema.org\",\"@graph\":[{\"@type\":\"Article\",\"@id\":\"https:\\\/\\\/www.uniaozoofila.org\\\/convocatoria-para-a-assembleia-geral-extraordinaria-29-de-abril\\\/#article\",\"isPartOf\":{\"@id\":\"https:\\\/\\\/www.uniaozoofila.org\\\/convocatoria-para-a-assembleia-geral-extraordinaria-29-de-abril\\\/\"},\"author\":{\"name\":\"Uni\u00e3o Zoofila\",\"@id\":\"https:\\\/\\\/www.uniaozoofila.org\\\/#\\\/schema\\\/person\\\/9f943507615ec298b4b06244170b412c\"},\"headline\":\"Convocat\u00f3ria para a Assembleia Geral Extraordin\u00e1ria &#8211; 29 de abril\",\"datePublished\":\"2026-04-21T22:55:09+00:00\",\"dateModified\":\"2026-04-21T22:55:12+00:00\",\"mainEntityOfPage\":{\"@id\":\"https:\\\/\\\/www.uniaozoofila.org\\\/convocatoria-para-a-assembleia-geral-extraordinaria-29-de-abril\\\/\"},\"wordCount\":260,\"publisher\":{\"@id\":\"https:\\\/\\\/www.uniaozoofila.org\\\/#organization\"},\"articleSection\":[\"Uncategorized\"],\"inLanguage\":\"en-GB\"},{\"@type\":\"WebPage\",\"@id\":\"https:\\\/\\\/www.uniaozoofila.org\\\/convocatoria-para-a-assembleia-geral-extraordinaria-29-de-abril\\\/\",\"url\":\"https:\\\/\\\/www.uniaozoofila.org\\\/convocatoria-para-a-assembleia-geral-extraordinaria-29-de-abril\\\/\",\"name\":\"Convocat\u00f3ria para a Assembleia Geral Extraordin\u00e1ria - 29 de abril - Uni\u00e3o Zo\u00f3fila\",\"isPartOf\":{\"@id\":\"https:\\\/\\\/www.uniaozoofila.org\\\/#website\"},\"datePublished\":\"2026-04-21T22:55:09+00:00\",\"dateModified\":\"2026-04-21T22:55:12+00:00\",\"breadcrumb\":{\"@id\":\"https:\\\/\\\/www.uniaozoofila.org\\\/convocatoria-para-a-assembleia-geral-extraordinaria-29-de-abril\\\/#breadcrumb\"},\"inLanguage\":\"en-GB\",\"potentialAction\":[{\"@type\":\"ReadAction\",\"target\":[\"https:\\\/\\\/www.uniaozoofila.org\\\/convocatoria-para-a-assembleia-geral-extraordinaria-29-de-abril\\\/\"]}]},{\"@type\":\"BreadcrumbList\",\"@id\":\"https:\\\/\\\/www.uniaozoofila.org\\\/convocatoria-para-a-assembleia-geral-extraordinaria-29-de-abril\\\/#breadcrumb\",\"itemListElement\":[{\"@type\":\"ListItem\",\"position\":1,\"name\":\"In\u00edcio\",\"item\":\"https:\\\/\\\/www.uniaozoofila.org\\\/\"},{\"@type\":\"ListItem\",\"position\":2,\"name\":\"Convocat\u00f3ria para a Assembleia Geral Extraordin\u00e1ria &#8211; 29 de abril\"}]},{\"@type\":\"WebSite\",\"@id\":\"https:\\\/\\\/www.uniaozoofila.org\\\/#website\",\"url\":\"https:\\\/\\\/www.uniaozoofila.org\\\/\",\"name\":\"Uni\u00e3o Zo\u00f3fila\",\"description\":\"\",\"publisher\":{\"@id\":\"https:\\\/\\\/www.uniaozoofila.org\\\/#organization\"},\"potentialAction\":[{\"@type\":\"SearchAction\",\"target\":{\"@type\":\"EntryPoint\",\"urlTemplate\":\"https:\\\/\\\/www.uniaozoofila.org\\\/?s={search_term_string}\"},\"query-input\":{\"@type\":\"PropertyValueSpecification\",\"valueRequired\":true,\"valueName\":\"search_term_string\"}}],\"inLanguage\":\"en-GB\"},{\"@type\":\"Organization\",\"@id\":\"https:\\\/\\\/www.uniaozoofila.org\\\/#organization\",\"name\":\"Uni\u00e3o Zo\u00f3fila\",\"url\":\"https:\\\/\\\/www.uniaozoofila.org\\\/\",\"logo\":{\"@type\":\"ImageObject\",\"inLanguage\":\"en-GB\",\"@id\":\"https:\\\/\\\/www.uniaozoofila.org\\\/#\\\/schema\\\/logo\\\/image\\\/\",\"url\":\"https:\\\/\\\/www.uniaozoofila.org\\\/wp-content\\\/uploads\\\/2024\\\/02\\\/cropped-Logo-Com-Letras-Fundo-Branco3.png\",\"contentUrl\":\"https:\\\/\\\/www.uniaozoofila.org\\\/wp-content\\\/uploads\\\/2024\\\/02\\\/cropped-Logo-Com-Letras-Fundo-Branco3.png\",\"width\":389,\"height\":548,\"caption\":\"Uni\u00e3o Zo\u00f3fila\"},\"image\":{\"@id\":\"https:\\\/\\\/www.uniaozoofila.org\\\/#\\\/schema\\\/logo\\\/image\\\/\"}},{\"@type\":\"Person\",\"@id\":\"https:\\\/\\\/www.uniaozoofila.org\\\/#\\\/schema\\\/person\\\/9f943507615ec298b4b06244170b412c\",\"name\":\"Uni\u00e3o Zoofila\",\"image\":{\"@type\":\"ImageObject\",\"inLanguage\":\"en-GB\",\"@id\":\"https:\\\/\\\/secure.gravatar.com\\\/avatar\\\/0f9174e6440ef88c940033595b078f29ae232ed8e21518e7ee87aac82951d347?s=96&d=mm&r=g\",\"url\":\"https:\\\/\\\/secure.gravatar.com\\\/avatar\\\/0f9174e6440ef88c940033595b078f29ae232ed8e21518e7ee87aac82951d347?s=96&d=mm&r=g\",\"contentUrl\":\"https:\\\/\\\/secure.gravatar.com\\\/avatar\\\/0f9174e6440ef88c940033595b078f29ae232ed8e21518e7ee87aac82951d347?s=96&d=mm&r=g\",\"caption\":\"Uni\u00e3o Zoofila\"},\"sameAs\":[\"http:\\\/\\\/uniaozoofila\"],\"url\":\"https:\\\/\\\/www.uniaozoofila.org\\\/en\\\/author\\\/uniao-zoofila\\\/\"}]}<\/script>\n<!-- \/ Yoast SEO plugin. -->","yoast_head_json":{"title":"Convocat\u00f3ria para a Assembleia Geral Extraordin\u00e1ria - 29 de abril - Uni\u00e3o Zo\u00f3fila","robots":{"index":"index","follow":"follow","max-snippet":"max-snippet:-1","max-image-preview":"max-image-preview:large","max-video-preview":"max-video-preview:-1"},"canonical":"https:\/\/www.uniaozoofila.org\/en\/convocatoria-para-a-assembleia-geral-extraordinaria-29-de-abril\/","og_locale":"en_GB","og_type":"article","og_title":"Convocat\u00f3ria para a Assembleia Geral Extraordin\u00e1ria - 29 de abril - Uni\u00e3o Zo\u00f3fila","og_description":"Cara(o) associada(o), Nos termos previstos nos artigos 46.\u00ba e 50.\u00ba, n.\u00ba 1 dos Estatutos, partilhamos a convocat\u00f3ria para a Assembleia Geral Extraordin\u00e1ria a realizar no dia 29 de abril de [&hellip;]","og_url":"https:\/\/www.uniaozoofila.org\/en\/convocatoria-para-a-assembleia-geral-extraordinaria-29-de-abril\/","og_site_name":"Uni\u00e3o Zo\u00f3fila","article_published_time":"2026-04-21T22:55:09+00:00","article_modified_time":"2026-04-21T22:55:12+00:00","author":"Uni\u00e3o Zoofila","twitter_card":"summary_large_image","twitter_misc":{"Written by":"Uni\u00e3o Zoofila","Estimated reading time":"2 minutes"},"schema":{"@context":"https:\/\/schema.org","@graph":[{"@type":"Article","@id":"https:\/\/www.uniaozoofila.org\/convocatoria-para-a-assembleia-geral-extraordinaria-29-de-abril\/#article","isPartOf":{"@id":"https:\/\/www.uniaozoofila.org\/convocatoria-para-a-assembleia-geral-extraordinaria-29-de-abril\/"},"author":{"name":"Uni\u00e3o Zoofila","@id":"https:\/\/www.uniaozoofila.org\/#\/schema\/person\/9f943507615ec298b4b06244170b412c"},"headline":"Convocat\u00f3ria para a Assembleia Geral Extraordin\u00e1ria &#8211; 29 de abril","datePublished":"2026-04-21T22:55:09+00:00","dateModified":"2026-04-21T22:55:12+00:00","mainEntityOfPage":{"@id":"https:\/\/www.uniaozoofila.org\/convocatoria-para-a-assembleia-geral-extraordinaria-29-de-abril\/"},"wordCount":260,"publisher":{"@id":"https:\/\/www.uniaozoofila.org\/#organization"},"articleSection":["Uncategorized"],"inLanguage":"en-GB"},{"@type":"WebPage","@id":"https:\/\/www.uniaozoofila.org\/convocatoria-para-a-assembleia-geral-extraordinaria-29-de-abril\/","url":"https:\/\/www.uniaozoofila.org\/convocatoria-para-a-assembleia-geral-extraordinaria-29-de-abril\/","name":"Convocat\u00f3ria para a Assembleia Geral Extraordin\u00e1ria - 29 de abril - Uni\u00e3o Zo\u00f3fila","isPartOf":{"@id":"https:\/\/www.uniaozoofila.org\/#website"},"datePublished":"2026-04-21T22:55:09+00:00","dateModified":"2026-04-21T22:55:12+00:00","breadcrumb":{"@id":"https:\/\/www.uniaozoofila.org\/convocatoria-para-a-assembleia-geral-extraordinaria-29-de-abril\/#breadcrumb"},"inLanguage":"en-GB","potentialAction":[{"@type":"ReadAction","target":["https:\/\/www.uniaozoofila.org\/convocatoria-para-a-assembleia-geral-extraordinaria-29-de-abril\/"]}]},{"@type":"BreadcrumbList","@id":"https:\/\/www.uniaozoofila.org\/convocatoria-para-a-assembleia-geral-extraordinaria-29-de-abril\/#breadcrumb","itemListElement":[{"@type":"ListItem","position":1,"name":"In\u00edcio","item":"https:\/\/www.uniaozoofila.org\/"},{"@type":"ListItem","position":2,"name":"Convocat\u00f3ria para a Assembleia Geral Extraordin\u00e1ria &#8211; 29 de abril"}]},{"@type":"WebSite","@id":"https:\/\/www.uniaozoofila.org\/#website","url":"https:\/\/www.uniaozoofila.org\/","name":"Uni\u00e3o Zo\u00f3fila","description":"","publisher":{"@id":"https:\/\/www.uniaozoofila.org\/#organization"},"potentialAction":[{"@type":"SearchAction","target":{"@type":"EntryPoint","urlTemplate":"https:\/\/www.uniaozoofila.org\/?s={search_term_string}"},"query-input":{"@type":"PropertyValueSpecification","valueRequired":true,"valueName":"search_term_string"}}],"inLanguage":"en-GB"},{"@type":"Organization","@id":"https:\/\/www.uniaozoofila.org\/#organization","name":"Uni\u00e3o Zo\u00f3fila","url":"https:\/\/www.uniaozoofila.org\/","logo":{"@type":"ImageObject","inLanguage":"en-GB","@id":"https:\/\/www.uniaozoofila.org\/#\/schema\/logo\/image\/","url":"https:\/\/www.uniaozoofila.org\/wp-content\/uploads\/2024\/02\/cropped-Logo-Com-Letras-Fundo-Branco3.png","contentUrl":"https:\/\/www.uniaozoofila.org\/wp-content\/uploads\/2024\/02\/cropped-Logo-Com-Letras-Fundo-Branco3.png","width":389,"height":548,"caption":"Uni\u00e3o Zo\u00f3fila"},"image":{"@id":"https:\/\/www.uniaozoofila.org\/#\/schema\/logo\/image\/"}},{"@type":"Person","@id":"https:\/\/www.uniaozoofila.org\/#\/schema\/person\/9f943507615ec298b4b06244170b412c","name":"Uni\u00e3o Zoofila","image":{"@type":"ImageObject","inLanguage":"en-GB","@id":"https:\/\/secure.gravatar.com\/avatar\/0f9174e6440ef88c940033595b078f29ae232ed8e21518e7ee87aac82951d347?s=96&d=mm&r=g","url":"https:\/\/secure.gravatar.com\/avatar\/0f9174e6440ef88c940033595b078f29ae232ed8e21518e7ee87aac82951d347?s=96&d=mm&r=g","contentUrl":"https:\/\/secure.gravatar.com\/avatar\/0f9174e6440ef88c940033595b078f29ae232ed8e21518e7ee87aac82951d347?s=96&d=mm&r=g","caption":"Uni\u00e3o Zoofila"},"sameAs":["http:\/\/uniaozoofila"],"url":"https:\/\/www.uniaozoofila.org\/en\/author\/uniao-zoofila\/"}]}},"_links":{"self":[{"href":"https:\/\/www.uniaozoofila.org\/en\/wp-json\/wp\/v2\/posts\/7553","targetHints":{"allow":["GET"]}}],"collection":[{"href":"https:\/\/www.uniaozoofila.org\/en\/wp-json\/wp\/v2\/posts"}],"about":[{"href":"https:\/\/www.uniaozoofila.org\/en\/wp-json\/wp\/v2\/types\/post"}],"author":[{"embeddable":true,"href":"https:\/\/www.uniaozoofila.org\/en\/wp-json\/wp\/v2\/users\/13"}],"replies":[{"embeddable":true,"href":"https:\/\/www.uniaozoofila.org\/en\/wp-json\/wp\/v2\/comments?post=7553"}],"version-history":[{"count":1,"href":"https:\/\/www.uniaozoofila.org\/en\/wp-json\/wp\/v2\/posts\/7553\/revisions"}],"predecessor-version":[{"id":7555,"href":"https:\/\/www.uniaozoofila.org\/en\/wp-json\/wp\/v2\/posts\/7553\/revisions\/7555"}],"wp:attachment":[{"href":"https:\/\/www.uniaozoofila.org\/en\/wp-json\/wp\/v2\/media?parent=7553"}],"wp:term":[{"taxonomy":"category","embeddable":true,"href":"https:\/\/www.uniaozoofila.org\/en\/wp-json\/wp\/v2\/categories?post=7553"},{"taxonomy":"post_tag","embeddable":true,"href":"https:\/\/www.uniaozoofila.org\/en\/wp-json\/wp\/v2\/tags?post=7553"}],"curies":[{"name":"wp","href":"https:\/\/api.w.org\/{rel}","templated":true}]}}